{"id":1,"name":"Andreas Str\u00f6bel","url":"https:\/\/www.ascomp.de","description":"Gesch\u00e4ftsf\u00fchrer und Chef-Entwickler bei der ASCOMP Software GmbH. Geboren im Oktober 1981 in Stuttgart, habe ich mich bereits in fr\u00fchen Jahren mit Computern besch\u00e4ftigt. Die ersten Programmiererfahrungen habe ich in QBasic gesammelt, damals war ich noch keine 14 Jahre alt. \u00dcber Visual Basic und C++ bin ich bei Delphi gelandet, welches ich auch heute noch als prim\u00e4re Programmiersprache f\u00fcr Windows-Anwendungsentwicklung nutze.","link":"https:\/\/www.ascomp.de\/blog\/author\/blog\/","slug":"blog","meta":[],"yoast_head":"<!-- This site is optimized with the Yoast SEO plugin v27.4 - https:\/\/yoast.com\/product\/yoast-seo-wordpress\/ -->\n<title>Andreas Str\u00f6bel, Autor bei ASCOMP Blog | Der Software- &amp; IT-Blog<\/title>\n<meta name=\"robots\" content=\"index, follow, max-snippet:-1, max-image-preview:large, max-video-preview:-1\" \/>\n<link rel=\"canonical\" href=\"https:\/\/www.ascomp.de\/blog\/author\/blog\/\" \/>\n<meta property=\"og:locale\" content=\"de_DE\" \/>\n<meta property=\"og:type\" content=\"profile\" \/>\n<meta property=\"og:title\" content=\"Andreas Str\u00f6bel, Autor bei ASCOMP Blog | Der Software- &amp; IT-Blog\" \/>\n<meta property=\"og:url\" content=\"https:\/\/www.ascomp.de\/blog\/author\/blog\/\" \/>\n<meta property=\"og:site_name\" content=\"ASCOMP Blog | Der Software- &amp; IT-Blog\" \/>\n<meta property=\"og:image\" content=\"https:\/\/secure.gravatar.com\/avatar\/aed7616fa3cf9b36bc5821a98c0e580c?s=500&d=blank&r=g\" \/>\n<meta name=\"twitter:card\" content=\"summary_large_image\" \/>\n<script type=\"application\/ld+json\" class=\"yoast-schema-graph\">{\"@context\":\"https:\\\/\\\/schema.org\",\"@graph\":[{\"@type\":\"ProfilePage\",\"@id\":\"https:\\\/\\\/www.ascomp.de\\\/blog\\\/author\\\/blog\\\/\",\"url\":\"https:\\\/\\\/www.ascomp.de\\\/blog\\\/author\\\/blog\\\/\",\"name\":\"Andreas Str\u00f6bel, Autor bei ASCOMP Blog | Der Software- &amp; IT-Blog\",\"isPartOf\":{\"@id\":\"https:\\\/\\\/www.ascomp.de\\\/blog\\\/#website\"},\"breadcrumb\":{\"@id\":\"https:\\\/\\\/www.ascomp.de\\\/blog\\\/author\\\/blog\\\/#breadcrumb\"},\"inLanguage\":\"de\",\"potentialAction\":[{\"@type\":\"ReadAction\",\"target\":[\"https:\\\/\\\/www.ascomp.de\\\/blog\\\/author\\\/blog\\\/\"]}]},{\"@type\":\"BreadcrumbList\",\"@id\":\"https:\\\/\\\/www.ascomp.de\\\/blog\\\/author\\\/blog\\\/#breadcrumb\",\"itemListElement\":[{\"@type\":\"ListItem\",\"position\":1,\"name\":\"Startseite\",\"item\":\"https:\\\/\\\/www.ascomp.de\\\/blog\\\/\"},{\"@type\":\"ListItem\",\"position\":2,\"name\":\"Archive f\u00fcr Andreas Str\u00f6bel\"}]},{\"@type\":\"WebSite\",\"@id\":\"https:\\\/\\\/www.ascomp.de\\\/blog\\\/#website\",\"url\":\"https:\\\/\\\/www.ascomp.de\\\/blog\\\/\",\"name\":\"ASCOMP Blog | Der Software- & IT-Blog\",\"description\":\"\",\"publisher\":{\"@id\":\"https:\\\/\\\/www.ascomp.de\\\/blog\\\/#organization\"},\"potentialAction\":[{\"@type\":\"SearchAction\",\"target\":{\"@type\":\"EntryPoint\",\"urlTemplate\":\"https:\\\/\\\/www.ascomp.de\\\/blog\\\/?s={search_term_string}\"},\"query-input\":{\"@type\":\"PropertyValueSpecification\",\"valueRequired\":true,\"valueName\":\"search_term_string\"}}],\"inLanguage\":\"de\"},{\"@type\":\"Organization\",\"@id\":\"https:\\\/\\\/www.ascomp.de\\\/blog\\\/#organization\",\"name\":\"ASCOMP Blog | Der Software- & IT-Blog\",\"url\":\"https:\\\/\\\/www.ascomp.de\\\/blog\\\/\",\"logo\":{\"@type\":\"ImageObject\",\"inLanguage\":\"de\",\"@id\":\"https:\\\/\\\/www.ascomp.de\\\/blog\\\/#\\\/schema\\\/logo\\\/image\\\/\",\"url\":\"https:\\\/\\\/www.ascomp.de\\\/blog\\\/wp-content\\\/uploads\\\/2024\\\/02\\\/cropped-blog_logo-1.png\",\"contentUrl\":\"https:\\\/\\\/www.ascomp.de\\\/blog\\\/wp-content\\\/uploads\\\/2024\\\/02\\\/cropped-blog_logo-1.png\",\"width\":189,\"height\":50,\"caption\":\"ASCOMP Blog | Der Software- & IT-Blog\"},\"image\":{\"@id\":\"https:\\\/\\\/www.ascomp.de\\\/blog\\\/#\\\/schema\\\/logo\\\/image\\\/\"},\"sameAs\":[\"https:\\\/\\\/www.facebook.com\\\/ascompsoftware\",\"https:\\\/\\\/www.linkedin.com\\\/company\\\/ascompsoftware\\\/about\\\/\",\"https:\\\/\\\/www.pinterest.de\\\/ascompsoftware\\\/\",\"https:\\\/\\\/www.youtube.com\\\/@ascompsoftware3611\"]},{\"@type\":\"Person\",\"@id\":\"https:\\\/\\\/www.ascomp.de\\\/blog\\\/#\\\/schema\\\/person\\\/43eb9f2d41a2d15f168e81e2c8361125\",\"name\":\"Andreas Str\u00f6bel\",\"description\":\"Gesch\u00e4ftsf\u00fchrer und Chef-Entwickler bei der ASCOMP Software GmbH. Geboren im Oktober 1981 in Stuttgart, habe ich mich bereits in fr\u00fchen Jahren mit Computern besch\u00e4ftigt. Die ersten Programmiererfahrungen habe ich in QBasic gesammelt, damals war ich noch keine 14 Jahre alt. \u00dcber Visual Basic und C++ bin ich bei Delphi gelandet, welches ich auch heute noch als prim\u00e4re Programmiersprache f\u00fcr Windows-Anwendungsentwicklung nutze.\",\"sameAs\":[\"https:\\\/\\\/www.ascomp.de\"],\"mainEntityOfPage\":{\"@id\":\"https:\\\/\\\/www.ascomp.de\\\/blog\\\/author\\\/blog\\\/\"}}]}<\/script>\n<!-- \/ Yoast SEO plugin. -->","yoast_head_json":{"title":"Andreas Str\u00f6bel, Autor bei ASCOMP Blog | Der Software- &amp; IT-Blog","robots":{"index":"index","follow":"follow","max-snippet":"max-snippet:-1","max-image-preview":"max-image-preview:large","max-video-preview":"max-video-preview:-1"},"canonical":"https:\/\/www.ascomp.de\/blog\/author\/blog\/","og_locale":"de_DE","og_type":"profile","og_title":"Andreas Str\u00f6bel, Autor bei ASCOMP Blog | Der Software- &amp; IT-Blog","og_url":"https:\/\/www.ascomp.de\/blog\/author\/blog\/","og_site_name":"ASCOMP Blog | Der Software- &amp; IT-Blog","og_image":[{"url":"https:\/\/secure.gravatar.com\/avatar\/aed7616fa3cf9b36bc5821a98c0e580c?s=500&d=blank&r=g","type":"","width":"","height":""}],"twitter_card":"summary_large_image","schema":{"@context":"https:\/\/schema.org","@graph":[{"@type":"ProfilePage","@id":"https:\/\/www.ascomp.de\/blog\/author\/blog\/","url":"https:\/\/www.ascomp.de\/blog\/author\/blog\/","name":"Andreas Str\u00f6bel, Autor bei ASCOMP Blog | Der Software- &amp; IT-Blog","isPartOf":{"@id":"https:\/\/www.ascomp.de\/blog\/#website"},"breadcrumb":{"@id":"https:\/\/www.ascomp.de\/blog\/author\/blog\/#breadcrumb"},"inLanguage":"de","potentialAction":[{"@type":"ReadAction","target":["https:\/\/www.ascomp.de\/blog\/author\/blog\/"]}]},{"@type":"BreadcrumbList","@id":"https:\/\/www.ascomp.de\/blog\/author\/blog\/#breadcrumb","itemListElement":[{"@type":"ListItem","position":1,"name":"Startseite","item":"https:\/\/www.ascomp.de\/blog\/"},{"@type":"ListItem","position":2,"name":"Archive f\u00fcr Andreas Str\u00f6bel"}]},{"@type":"WebSite","@id":"https:\/\/www.ascomp.de\/blog\/#website","url":"https:\/\/www.ascomp.de\/blog\/","name":"ASCOMP Blog | Der Software- & IT-Blog","description":"","publisher":{"@id":"https:\/\/www.ascomp.de\/blog\/#organization"},"potentialAction":[{"@type":"SearchAction","target":{"@type":"EntryPoint","urlTemplate":"https:\/\/www.ascomp.de\/blog\/?s={search_term_string}"},"query-input":{"@type":"PropertyValueSpecification","valueRequired":true,"valueName":"search_term_string"}}],"inLanguage":"de"},{"@type":"Organization","@id":"https:\/\/www.ascomp.de\/blog\/#organization","name":"ASCOMP Blog | Der Software- & IT-Blog","url":"https:\/\/www.ascomp.de\/blog\/","logo":{"@type":"ImageObject","inLanguage":"de","@id":"https:\/\/www.ascomp.de\/blog\/#\/schema\/logo\/image\/","url":"https:\/\/www.ascomp.de\/blog\/wp-content\/uploads\/2024\/02\/cropped-blog_logo-1.png","contentUrl":"https:\/\/www.ascomp.de\/blog\/wp-content\/uploads\/2024\/02\/cropped-blog_logo-1.png","width":189,"height":50,"caption":"ASCOMP Blog | Der Software- & IT-Blog"},"image":{"@id":"https:\/\/www.ascomp.de\/blog\/#\/schema\/logo\/image\/"},"sameAs":["https:\/\/www.facebook.com\/ascompsoftware","https:\/\/www.linkedin.com\/company\/ascompsoftware\/about\/","https:\/\/www.pinterest.de\/ascompsoftware\/","https:\/\/www.youtube.com\/@ascompsoftware3611"]},{"@type":"Person","@id":"https:\/\/www.ascomp.de\/blog\/#\/schema\/person\/43eb9f2d41a2d15f168e81e2c8361125","name":"Andreas Str\u00f6bel","description":"Gesch\u00e4ftsf\u00fchrer und Chef-Entwickler bei der ASCOMP Software GmbH. Geboren im Oktober 1981 in Stuttgart, habe ich mich bereits in fr\u00fchen Jahren mit Computern besch\u00e4ftigt. Die ersten Programmiererfahrungen habe ich in QBasic gesammelt, damals war ich noch keine 14 Jahre alt. \u00dcber Visual Basic und C++ bin ich bei Delphi gelandet, welches ich auch heute noch als prim\u00e4re Programmiersprache f\u00fcr Windows-Anwendungsentwicklung nutze.","sameAs":["https:\/\/www.ascomp.de"],"mainEntityOfPage":{"@id":"https:\/\/www.ascomp.de\/blog\/author\/blog\/"}}]}},"_links":{"self":[{"href":"https:\/\/www.ascomp.de\/blog\/wp-json\/wp\/v2\/users\/1","targetHints":{"allow":["GET"]}}],"collection":[{"href":"https:\/\/www.ascomp.de\/blog\/wp-json\/wp\/v2\/users"}]}}