{"id":152,"date":"2024-03-04T13:51:51","date_gmt":"2024-03-04T12:51:51","guid":{"rendered":"https:\/\/www.ascomp.de\/blog\/?p=152"},"modified":"2025-02-10T02:04:45","modified_gmt":"2025-02-10T01:04:45","slug":"pdf-komprimierung-eine-detaillierte-betrachtung-der-mrc-technologie","status":"publish","type":"post","link":"https:\/\/www.ascomp.de\/blog\/2024\/03\/04\/pdf-komprimierung-eine-detaillierte-betrachtung-der-mrc-technologie\/","title":{"rendered":"PDF-Komprimierung: Eine detaillierte Betrachtung der MRC-Technologie"},"content":{"rendered":"\n<p>In unserer digitalen Welt, in der der Austausch von Dokumenten t\u00e4glich stattfindet, spielt die Effizienz der Dateigr\u00f6\u00dfe eine entscheidende Rolle. PDF-Komprimierungstechnologien, insbesondere die Mixed Raster Content (MRC)-Komprimierung, haben sich als wertvolle Werkzeuge herausgestellt, um die Dateigr\u00f6\u00dfe zu reduzieren, ohne die Qualit\u00e4t zu beeintr\u00e4chtigen. Doch wie bei jeder Technologie gibt es Vor- und Nachteile.<\/p>\n\n\n\n<h3 class=\"wp-block-heading\">Die MRC-Technologie im Detail<\/h3>\n\n\n\n<p>Die MRC-Komprimierung (Mixed Raster Content) ist eine fortschrittliche Methode zur Reduzierung der Dateigr\u00f6\u00dfe von PDF-Dokumenten, die besonders effektiv bei Dokumenten mit hohem Bildanteil ist. Die Besonderheit der MRC-Komprimierung liegt in ihrer F\u00e4higkeit, ein Dokument in drei verschiedene Schichten aufzuteilen: Text, Bilder und Hintergrund. Jede Schicht wird dann individuell behandelt, um die optimale Balance zwischen Komprimierungseffizienz und Qualit\u00e4tserhalt zu finden.<\/p>\n\n\n\n<ul class=\"wp-block-list\">\n<li><strong>Textschicht:<\/strong> Die Textschicht wird mit hoher Aufl\u00f6sung beibehalten, um die Lesbarkeit zu gew\u00e4hrleisten. Textelemente werden als Vektorgrafiken behandelt, was bedeutet, dass sie ohne Qualit\u00e4tsverlust auf jede Gr\u00f6\u00dfe skaliert werden k\u00f6nnen.<\/li>\n\n\n\n<li><strong>Bildschicht:<\/strong> Bilder werden durch Anwendung von Komprimierungsalgorithmen wie JPEG2000 verkleinert. Diese Algorithmen sind darauf ausgelegt, die visuelle Qualit\u00e4t zu erhalten, w\u00e4hrend die Datenmenge reduziert wird.<\/li>\n\n\n\n<li><strong>Hintergrundschicht:<\/strong> Der Hintergrund, der oft weniger wichtig f\u00fcr das Verst\u00e4ndnis des Dokuments ist, wird st\u00e4rker komprimiert, was zu erheblichen Einsparungen bei der Dateigr\u00f6\u00dfe f\u00fchrt, ohne die Gesamtwahrnehmung des Dokuments zu beeintr\u00e4chtigen.<\/li>\n<\/ul>\n\n\n\n<p>Durch diese getrennte Behandlung der verschiedenen Inhalte kann die MRC-Technologie die Dateigr\u00f6\u00dfe signifikant reduzieren, w\u00e4hrend die Qualit\u00e4t des Dokuments weitestgehend erhalten bleibt. Dies macht sie zu einer idealen L\u00f6sung f\u00fcr die Komprimierung von PDF-Dateien, die sowohl text- als auch bildintensiv sind, ohne Kompromisse bei der Klarheit oder Lesbarkeit einzugehen.<\/p>\n\n\n\n<h3 class=\"wp-block-heading\">Vorteile der PDF-Komprimierung<\/h3>\n\n\n\n<p><strong>Speicherplatz-Ersparnis:<\/strong> PDF-Komprimierung reduziert die Dateigr\u00f6\u00dfe erheblich, was zu einer effizienten Speicherplatznutzung f\u00fchrt.<\/p>\n\n\n\n<p><strong>Verbesserte Dateifreigabe:<\/strong> Komprimierte PDFs k\u00f6nnen leichter per E-Mail versendet oder online geteilt werden, da sie weniger Bandbreite beanspruchen.<\/p>\n\n\n\n<p><strong>Schnellere Ladezeiten:<\/strong> Webseiten mit eingebetteten PDFs laden schneller, wenn die Dateien komprimiert sind, was die Benutzererfahrung verbessert.<\/p>\n\n\n\n<p><strong>Erhalt der Lesbarkeit:<\/strong> MRC-Komprimierung erh\u00e4lt die Qualit\u00e4t von Text und Bildern, indem sie Inhalte in Schichten unterteilt und separat behandelt.<\/p>\n\n\n\n<h3 class=\"wp-block-heading\">Nachteile der PDF-Komprimierung<\/h3>\n\n\n\n<p><strong>Komplexit\u00e4t:<\/strong> Die MRC-Komprimierung kann komplex sein und erfordert spezialisierte Software, um die bestm\u00f6glichen Ergebnisse zu erzielen.<\/p>\n\n\n\n<p><strong>Qualit\u00e4tsverlust bei hohen Kompressionsraten:<\/strong> Obwohl MRC die Qualit\u00e4t weitgehend erh\u00e4lt, kann eine \u00fcberm\u00e4\u00dfige Kompression zu einem Verlust der Bildqualit\u00e4t f\u00fchren.<\/p>\n\n\n\n<p><strong>Kompatibilit\u00e4tsprobleme:<\/strong> Einige \u00e4ltere Systeme oder Anwendungen haben m\u00f6glicherweise Schwierigkeiten, hochkomprimierte PDFs korrekt anzuzeigen.<\/p>\n\n\n\n<h3 class=\"wp-block-heading\">Fazit<\/h3>\n\n\n\n<p>Die PDF-Komprimierung, insbesondere mittels MRC-Technologie, bietet eine effektive L\u00f6sung, um die Dateigr\u00f6\u00dfe zu reduzieren, w\u00e4hrend die Qualit\u00e4t weitestgehend erhalten bleibt. Die Vorteile \u00fcberwiegen die Nachteile, besonders in Bereichen, in denen die Effizienz der Dateigr\u00f6\u00dfe von entscheidender Bedeutung ist. Es ist jedoch wichtig, die Kompression sorgf\u00e4ltig zu handhaben, um sicherzustellen, dass die Dokumente f\u00fcr alle Benutzer zug\u00e4nglich bleiben. Die Wahl der richtigen Komprimierungstechnologie und -software kann den Unterschied in Bezug auf Effizienz und Zug\u00e4nglichkeit ausmachen.<\/p>\n\n\n\n<p class=\"has-text-align-right\">Autor: Andreas Str\u00f6bel \/ ChatGPT<\/p>\n\n\n\n<hr class=\"wp-block-separator has-alpha-channel-opacity\"\/>\n\n\n\n<div class=\"wp-block-columns is-layout-flex wp-container-core-columns-is-layout-9d6595d7 wp-block-columns-is-layout-flex\">\n<div class=\"wp-block-column is-vertically-aligned-center is-layout-flow wp-block-column-is-layout-flow\" style=\"flex-basis:66.66%\">\n<h2 class=\"wp-block-heading\">PDF-compress \u2013 PDF-Dateien schnell und einfach komprimieren<\/h2>\n\n\n\n<p>ASCOMP PDF-compress komprimiert Ihre PDF-Dateien zuverl\u00e4ssig und nutzt hierf\u00fcr unter anderem die MRC-Technologie.<\/p>\n\n\n\n<p>Laden Sie die 14 Tage-Testversion kostenlos herunter und testen Sie jetzt die PDF-Komprimierungsl\u00f6sung f\u00fcr Windows.<\/p>\n\n\n\n<div class=\"wp-block-buttons is-content-justification-center is-layout-flex wp-container-core-buttons-is-layout-16018d1d wp-block-buttons-is-layout-flex\">\n<div class=\"wp-block-button\"><a class=\"wp-block-button__link wp-element-button\" href=\"https:\/\/www.ascomp.de\/products\/pdfcompress?ref=blog\" target=\"_blank\" rel=\"noreferrer noopener\"><mark style=\"background-color:rgba(0, 0, 0, 0)\" class=\"has-inline-color has-white-color\">Mehr Informationen<\/mark><\/a><\/div>\n<\/div>\n<\/div>\n\n\n\n<div class=\"wp-block-column is-vertically-aligned-center is-layout-flow wp-block-column-is-layout-flow\" style=\"flex-basis:33.33%\">\n<figure class=\"wp-block-image size-full\"><img loading=\"lazy\" decoding=\"async\" width=\"283\" height=\"450\" src=\"https:\/\/www.ascomp.de\/blog\/wp-content\/uploads\/2024\/03\/pdf-compress400.png\" alt=\"\" class=\"wp-image-153\" srcset=\"https:\/\/www.ascomp.de\/blog\/wp-content\/uploads\/2024\/03\/pdf-compress400.png 283w, https:\/\/www.ascomp.de\/blog\/wp-content\/uploads\/2024\/03\/pdf-compress400-189x300.png 189w\" sizes=\"auto, (max-width: 283px) 100vw, 283px\" \/><\/figure>\n<\/div>\n<\/div>\n","protected":false},"excerpt":{"rendered":"<p>In unserer digitalen Welt, in der der Austausch von Dokumenten t\u00e4glich stattfindet, spielt die Effizienz der Dateigr\u00f6\u00dfe eine entscheidende Rolle. PDF-Komprimierungstechnologien, insbesondere die Mixed Raster Content (MRC)-Komprimierung, haben sich als&#8230;<\/p>\n","protected":false},"author":1,"featured_media":155,"comment_status":"open","ping_status":"open","sticky":false,"template":"","format":"standard","meta":{"footnotes":""},"categories":[1],"tags":[],"class_list":["post-152","post","type-post","status-publish","format-standard","has-post-thumbnail","hentry","category-allgemein","entry"],"yoast_head":"<!-- This site is optimized with the Yoast SEO plugin v27.4 - https:\/\/yoast.com\/product\/yoast-seo-wordpress\/ -->\n<title>PDF-Komprimierung: Eine detaillierte Betrachtung der MRC-Technologie - ASCOMP Blog | Der Software- &amp; IT-Blog<\/title>\n<meta name=\"robots\" content=\"index, follow, max-snippet:-1, max-image-preview:large, max-video-preview:-1\" \/>\n<link rel=\"canonical\" href=\"https:\/\/www.ascomp.de\/blog\/2024\/03\/04\/pdf-komprimierung-eine-detaillierte-betrachtung-der-mrc-technologie\/\" \/>\n<meta property=\"og:locale\" content=\"de_DE\" \/>\n<meta property=\"og:type\" content=\"article\" \/>\n<meta property=\"og:title\" content=\"PDF-Komprimierung: Eine detaillierte Betrachtung der MRC-Technologie - ASCOMP Blog | Der Software- &amp; IT-Blog\" \/>\n<meta property=\"og:description\" content=\"In unserer digitalen Welt, in der der Austausch von Dokumenten t\u00e4glich stattfindet, spielt die Effizienz der Dateigr\u00f6\u00dfe eine entscheidende Rolle. PDF-Komprimierungstechnologien, insbesondere die Mixed Raster Content (MRC)-Komprimierung, haben sich als&#8230;\" \/>\n<meta property=\"og:url\" content=\"https:\/\/www.ascomp.de\/blog\/2024\/03\/04\/pdf-komprimierung-eine-detaillierte-betrachtung-der-mrc-technologie\/\" \/>\n<meta property=\"og:site_name\" content=\"ASCOMP Blog | Der Software- &amp; IT-Blog\" \/>\n<meta property=\"article:publisher\" content=\"https:\/\/www.facebook.com\/ascompsoftware\" \/>\n<meta property=\"article:published_time\" content=\"2024-03-04T12:51:51+00:00\" \/>\n<meta property=\"article:modified_time\" content=\"2025-02-10T01:04:45+00:00\" \/>\n<meta property=\"og:image\" content=\"https:\/\/www.ascomp.de\/blog\/wp-content\/uploads\/2024\/03\/f5df5d54-a7e9-414a-a855-62b003daf6e3.webp\" \/>\n\t<meta property=\"og:image:width\" content=\"1792\" \/>\n\t<meta property=\"og:image:height\" content=\"1024\" \/>\n\t<meta property=\"og:image:type\" content=\"image\/webp\" \/>\n<meta name=\"author\" content=\"Andreas Str\u00f6bel\" \/>\n<meta name=\"twitter:card\" content=\"summary_large_image\" \/>\n<meta name=\"twitter:label1\" content=\"Verfasst von\" \/>\n\t<meta name=\"twitter:data1\" content=\"Andreas Str\u00f6bel\" \/>\n\t<meta name=\"twitter:label2\" content=\"Gesch\u00e4tzte Lesezeit\" \/>\n\t<meta name=\"twitter:data2\" content=\"4\u00a0Minuten\" \/>\n<script type=\"application\/ld+json\" class=\"yoast-schema-graph\">{\"@context\":\"https:\\\/\\\/schema.org\",\"@graph\":[{\"@type\":\"Article\",\"@id\":\"https:\\\/\\\/www.ascomp.de\\\/blog\\\/2024\\\/03\\\/04\\\/pdf-komprimierung-eine-detaillierte-betrachtung-der-mrc-technologie\\\/#article\",\"isPartOf\":{\"@id\":\"https:\\\/\\\/www.ascomp.de\\\/blog\\\/2024\\\/03\\\/04\\\/pdf-komprimierung-eine-detaillierte-betrachtung-der-mrc-technologie\\\/\"},\"author\":{\"name\":\"Andreas Str\u00f6bel\",\"@id\":\"https:\\\/\\\/www.ascomp.de\\\/blog\\\/#\\\/schema\\\/person\\\/43eb9f2d41a2d15f168e81e2c8361125\"},\"headline\":\"PDF-Komprimierung: Eine detaillierte Betrachtung der MRC-Technologie\",\"datePublished\":\"2024-03-04T12:51:51+00:00\",\"dateModified\":\"2025-02-10T01:04:45+00:00\",\"mainEntityOfPage\":{\"@id\":\"https:\\\/\\\/www.ascomp.de\\\/blog\\\/2024\\\/03\\\/04\\\/pdf-komprimierung-eine-detaillierte-betrachtung-der-mrc-technologie\\\/\"},\"wordCount\":549,\"commentCount\":0,\"publisher\":{\"@id\":\"https:\\\/\\\/www.ascomp.de\\\/blog\\\/#organization\"},\"image\":{\"@id\":\"https:\\\/\\\/www.ascomp.de\\\/blog\\\/2024\\\/03\\\/04\\\/pdf-komprimierung-eine-detaillierte-betrachtung-der-mrc-technologie\\\/#primaryimage\"},\"thumbnailUrl\":\"https:\\\/\\\/www.ascomp.de\\\/blog\\\/wp-content\\\/uploads\\\/2024\\\/03\\\/f5df5d54-a7e9-414a-a855-62b003daf6e3.webp\",\"inLanguage\":\"de\",\"potentialAction\":[{\"@type\":\"CommentAction\",\"name\":\"Comment\",\"target\":[\"https:\\\/\\\/www.ascomp.de\\\/blog\\\/2024\\\/03\\\/04\\\/pdf-komprimierung-eine-detaillierte-betrachtung-der-mrc-technologie\\\/#respond\"]}]},{\"@type\":\"WebPage\",\"@id\":\"https:\\\/\\\/www.ascomp.de\\\/blog\\\/2024\\\/03\\\/04\\\/pdf-komprimierung-eine-detaillierte-betrachtung-der-mrc-technologie\\\/\",\"url\":\"https:\\\/\\\/www.ascomp.de\\\/blog\\\/2024\\\/03\\\/04\\\/pdf-komprimierung-eine-detaillierte-betrachtung-der-mrc-technologie\\\/\",\"name\":\"PDF-Komprimierung: Eine detaillierte Betrachtung der MRC-Technologie - ASCOMP Blog | Der Software- &amp; IT-Blog\",\"isPartOf\":{\"@id\":\"https:\\\/\\\/www.ascomp.de\\\/blog\\\/#website\"},\"primaryImageOfPage\":{\"@id\":\"https:\\\/\\\/www.ascomp.de\\\/blog\\\/2024\\\/03\\\/04\\\/pdf-komprimierung-eine-detaillierte-betrachtung-der-mrc-technologie\\\/#primaryimage\"},\"image\":{\"@id\":\"https:\\\/\\\/www.ascomp.de\\\/blog\\\/2024\\\/03\\\/04\\\/pdf-komprimierung-eine-detaillierte-betrachtung-der-mrc-technologie\\\/#primaryimage\"},\"thumbnailUrl\":\"https:\\\/\\\/www.ascomp.de\\\/blog\\\/wp-content\\\/uploads\\\/2024\\\/03\\\/f5df5d54-a7e9-414a-a855-62b003daf6e3.webp\",\"datePublished\":\"2024-03-04T12:51:51+00:00\",\"dateModified\":\"2025-02-10T01:04:45+00:00\",\"breadcrumb\":{\"@id\":\"https:\\\/\\\/www.ascomp.de\\\/blog\\\/2024\\\/03\\\/04\\\/pdf-komprimierung-eine-detaillierte-betrachtung-der-mrc-technologie\\\/#breadcrumb\"},\"inLanguage\":\"de\",\"potentialAction\":[{\"@type\":\"ReadAction\",\"target\":[\"https:\\\/\\\/www.ascomp.de\\\/blog\\\/2024\\\/03\\\/04\\\/pdf-komprimierung-eine-detaillierte-betrachtung-der-mrc-technologie\\\/\"]}]},{\"@type\":\"ImageObject\",\"inLanguage\":\"de\",\"@id\":\"https:\\\/\\\/www.ascomp.de\\\/blog\\\/2024\\\/03\\\/04\\\/pdf-komprimierung-eine-detaillierte-betrachtung-der-mrc-technologie\\\/#primaryimage\",\"url\":\"https:\\\/\\\/www.ascomp.de\\\/blog\\\/wp-content\\\/uploads\\\/2024\\\/03\\\/f5df5d54-a7e9-414a-a855-62b003daf6e3.webp\",\"contentUrl\":\"https:\\\/\\\/www.ascomp.de\\\/blog\\\/wp-content\\\/uploads\\\/2024\\\/03\\\/f5df5d54-a7e9-414a-a855-62b003daf6e3.webp\",\"width\":1792,\"height\":1024},{\"@type\":\"BreadcrumbList\",\"@id\":\"https:\\\/\\\/www.ascomp.de\\\/blog\\\/2024\\\/03\\\/04\\\/pdf-komprimierung-eine-detaillierte-betrachtung-der-mrc-technologie\\\/#breadcrumb\",\"itemListElement\":[{\"@type\":\"ListItem\",\"position\":1,\"name\":\"Startseite\",\"item\":\"https:\\\/\\\/www.ascomp.de\\\/blog\\\/\"},{\"@type\":\"ListItem\",\"position\":2,\"name\":\"PDF-Komprimierung: Eine detaillierte Betrachtung der MRC-Technologie\"}]},{\"@type\":\"WebSite\",\"@id\":\"https:\\\/\\\/www.ascomp.de\\\/blog\\\/#website\",\"url\":\"https:\\\/\\\/www.ascomp.de\\\/blog\\\/\",\"name\":\"ASCOMP Blog | Der Software- & IT-Blog\",\"description\":\"\",\"publisher\":{\"@id\":\"https:\\\/\\\/www.ascomp.de\\\/blog\\\/#organization\"},\"potentialAction\":[{\"@type\":\"SearchAction\",\"target\":{\"@type\":\"EntryPoint\",\"urlTemplate\":\"https:\\\/\\\/www.ascomp.de\\\/blog\\\/?s={search_term_string}\"},\"query-input\":{\"@type\":\"PropertyValueSpecification\",\"valueRequired\":true,\"valueName\":\"search_term_string\"}}],\"inLanguage\":\"de\"},{\"@type\":\"Organization\",\"@id\":\"https:\\\/\\\/www.ascomp.de\\\/blog\\\/#organization\",\"name\":\"ASCOMP Blog | Der Software- & IT-Blog\",\"url\":\"https:\\\/\\\/www.ascomp.de\\\/blog\\\/\",\"logo\":{\"@type\":\"ImageObject\",\"inLanguage\":\"de\",\"@id\":\"https:\\\/\\\/www.ascomp.de\\\/blog\\\/#\\\/schema\\\/logo\\\/image\\\/\",\"url\":\"https:\\\/\\\/www.ascomp.de\\\/blog\\\/wp-content\\\/uploads\\\/2024\\\/02\\\/cropped-blog_logo-1.png\",\"contentUrl\":\"https:\\\/\\\/www.ascomp.de\\\/blog\\\/wp-content\\\/uploads\\\/2024\\\/02\\\/cropped-blog_logo-1.png\",\"width\":189,\"height\":50,\"caption\":\"ASCOMP Blog | Der Software- & IT-Blog\"},\"image\":{\"@id\":\"https:\\\/\\\/www.ascomp.de\\\/blog\\\/#\\\/schema\\\/logo\\\/image\\\/\"},\"sameAs\":[\"https:\\\/\\\/www.facebook.com\\\/ascompsoftware\",\"https:\\\/\\\/www.linkedin.com\\\/company\\\/ascompsoftware\\\/about\\\/\",\"https:\\\/\\\/www.pinterest.de\\\/ascompsoftware\\\/\",\"https:\\\/\\\/www.youtube.com\\\/@ascompsoftware3611\"]},{\"@type\":\"Person\",\"@id\":\"https:\\\/\\\/www.ascomp.de\\\/blog\\\/#\\\/schema\\\/person\\\/43eb9f2d41a2d15f168e81e2c8361125\",\"name\":\"Andreas Str\u00f6bel\",\"description\":\"Gesch\u00e4ftsf\u00fchrer und Chef-Entwickler bei der ASCOMP Software GmbH. Geboren im Oktober 1981 in Stuttgart, habe ich mich bereits in fr\u00fchen Jahren mit Computern besch\u00e4ftigt. Die ersten Programmiererfahrungen habe ich in QBasic gesammelt, damals war ich noch keine 14 Jahre alt. \u00dcber Visual Basic und C++ bin ich bei Delphi gelandet, welches ich auch heute noch als prim\u00e4re Programmiersprache f\u00fcr Windows-Anwendungsentwicklung nutze.\",\"sameAs\":[\"https:\\\/\\\/www.ascomp.de\"],\"url\":\"https:\\\/\\\/www.ascomp.de\\\/blog\\\/author\\\/blog\\\/\"}]}<\/script>\n<!-- \/ Yoast SEO plugin. -->","yoast_head_json":{"title":"PDF-Komprimierung: Eine detaillierte Betrachtung der MRC-Technologie - ASCOMP Blog | Der Software- &amp; IT-Blog","robots":{"index":"index","follow":"follow","max-snippet":"max-snippet:-1","max-image-preview":"max-image-preview:large","max-video-preview":"max-video-preview:-1"},"canonical":"https:\/\/www.ascomp.de\/blog\/2024\/03\/04\/pdf-komprimierung-eine-detaillierte-betrachtung-der-mrc-technologie\/","og_locale":"de_DE","og_type":"article","og_title":"PDF-Komprimierung: Eine detaillierte Betrachtung der MRC-Technologie - ASCOMP Blog | Der Software- &amp; IT-Blog","og_description":"In unserer digitalen Welt, in der der Austausch von Dokumenten t\u00e4glich stattfindet, spielt die Effizienz der Dateigr\u00f6\u00dfe eine entscheidende Rolle. PDF-Komprimierungstechnologien, insbesondere die Mixed Raster Content (MRC)-Komprimierung, haben sich als&#8230;","og_url":"https:\/\/www.ascomp.de\/blog\/2024\/03\/04\/pdf-komprimierung-eine-detaillierte-betrachtung-der-mrc-technologie\/","og_site_name":"ASCOMP Blog | Der Software- &amp; IT-Blog","article_publisher":"https:\/\/www.facebook.com\/ascompsoftware","article_published_time":"2024-03-04T12:51:51+00:00","article_modified_time":"2025-02-10T01:04:45+00:00","og_image":[{"width":1792,"height":1024,"url":"https:\/\/www.ascomp.de\/blog\/wp-content\/uploads\/2024\/03\/f5df5d54-a7e9-414a-a855-62b003daf6e3.webp","type":"image\/webp"}],"author":"Andreas Str\u00f6bel","twitter_card":"summary_large_image","twitter_misc":{"Verfasst von":"Andreas Str\u00f6bel","Gesch\u00e4tzte Lesezeit":"4\u00a0Minuten"},"schema":{"@context":"https:\/\/schema.org","@graph":[{"@type":"Article","@id":"https:\/\/www.ascomp.de\/blog\/2024\/03\/04\/pdf-komprimierung-eine-detaillierte-betrachtung-der-mrc-technologie\/#article","isPartOf":{"@id":"https:\/\/www.ascomp.de\/blog\/2024\/03\/04\/pdf-komprimierung-eine-detaillierte-betrachtung-der-mrc-technologie\/"},"author":{"name":"Andreas Str\u00f6bel","@id":"https:\/\/www.ascomp.de\/blog\/#\/schema\/person\/43eb9f2d41a2d15f168e81e2c8361125"},"headline":"PDF-Komprimierung: Eine detaillierte Betrachtung der MRC-Technologie","datePublished":"2024-03-04T12:51:51+00:00","dateModified":"2025-02-10T01:04:45+00:00","mainEntityOfPage":{"@id":"https:\/\/www.ascomp.de\/blog\/2024\/03\/04\/pdf-komprimierung-eine-detaillierte-betrachtung-der-mrc-technologie\/"},"wordCount":549,"commentCount":0,"publisher":{"@id":"https:\/\/www.ascomp.de\/blog\/#organization"},"image":{"@id":"https:\/\/www.ascomp.de\/blog\/2024\/03\/04\/pdf-komprimierung-eine-detaillierte-betrachtung-der-mrc-technologie\/#primaryimage"},"thumbnailUrl":"https:\/\/www.ascomp.de\/blog\/wp-content\/uploads\/2024\/03\/f5df5d54-a7e9-414a-a855-62b003daf6e3.webp","inLanguage":"de","potentialAction":[{"@type":"CommentAction","name":"Comment","target":["https:\/\/www.ascomp.de\/blog\/2024\/03\/04\/pdf-komprimierung-eine-detaillierte-betrachtung-der-mrc-technologie\/#respond"]}]},{"@type":"WebPage","@id":"https:\/\/www.ascomp.de\/blog\/2024\/03\/04\/pdf-komprimierung-eine-detaillierte-betrachtung-der-mrc-technologie\/","url":"https:\/\/www.ascomp.de\/blog\/2024\/03\/04\/pdf-komprimierung-eine-detaillierte-betrachtung-der-mrc-technologie\/","name":"PDF-Komprimierung: Eine detaillierte Betrachtung der MRC-Technologie - ASCOMP Blog | Der Software- &amp; IT-Blog","isPartOf":{"@id":"https:\/\/www.ascomp.de\/blog\/#website"},"primaryImageOfPage":{"@id":"https:\/\/www.ascomp.de\/blog\/2024\/03\/04\/pdf-komprimierung-eine-detaillierte-betrachtung-der-mrc-technologie\/#primaryimage"},"image":{"@id":"https:\/\/www.ascomp.de\/blog\/2024\/03\/04\/pdf-komprimierung-eine-detaillierte-betrachtung-der-mrc-technologie\/#primaryimage"},"thumbnailUrl":"https:\/\/www.ascomp.de\/blog\/wp-content\/uploads\/2024\/03\/f5df5d54-a7e9-414a-a855-62b003daf6e3.webp","datePublished":"2024-03-04T12:51:51+00:00","dateModified":"2025-02-10T01:04:45+00:00","breadcrumb":{"@id":"https:\/\/www.ascomp.de\/blog\/2024\/03\/04\/pdf-komprimierung-eine-detaillierte-betrachtung-der-mrc-technologie\/#breadcrumb"},"inLanguage":"de","potentialAction":[{"@type":"ReadAction","target":["https:\/\/www.ascomp.de\/blog\/2024\/03\/04\/pdf-komprimierung-eine-detaillierte-betrachtung-der-mrc-technologie\/"]}]},{"@type":"ImageObject","inLanguage":"de","@id":"https:\/\/www.ascomp.de\/blog\/2024\/03\/04\/pdf-komprimierung-eine-detaillierte-betrachtung-der-mrc-technologie\/#primaryimage","url":"https:\/\/www.ascomp.de\/blog\/wp-content\/uploads\/2024\/03\/f5df5d54-a7e9-414a-a855-62b003daf6e3.webp","contentUrl":"https:\/\/www.ascomp.de\/blog\/wp-content\/uploads\/2024\/03\/f5df5d54-a7e9-414a-a855-62b003daf6e3.webp","width":1792,"height":1024},{"@type":"BreadcrumbList","@id":"https:\/\/www.ascomp.de\/blog\/2024\/03\/04\/pdf-komprimierung-eine-detaillierte-betrachtung-der-mrc-technologie\/#breadcrumb","itemListElement":[{"@type":"ListItem","position":1,"name":"Startseite","item":"https:\/\/www.ascomp.de\/blog\/"},{"@type":"ListItem","position":2,"name":"PDF-Komprimierung: Eine detaillierte Betrachtung der MRC-Technologie"}]},{"@type":"WebSite","@id":"https:\/\/www.ascomp.de\/blog\/#website","url":"https:\/\/www.ascomp.de\/blog\/","name":"ASCOMP Blog | Der Software- & IT-Blog","description":"","publisher":{"@id":"https:\/\/www.ascomp.de\/blog\/#organization"},"potentialAction":[{"@type":"SearchAction","target":{"@type":"EntryPoint","urlTemplate":"https:\/\/www.ascomp.de\/blog\/?s={search_term_string}"},"query-input":{"@type":"PropertyValueSpecification","valueRequired":true,"valueName":"search_term_string"}}],"inLanguage":"de"},{"@type":"Organization","@id":"https:\/\/www.ascomp.de\/blog\/#organization","name":"ASCOMP Blog | Der Software- & IT-Blog","url":"https:\/\/www.ascomp.de\/blog\/","logo":{"@type":"ImageObject","inLanguage":"de","@id":"https:\/\/www.ascomp.de\/blog\/#\/schema\/logo\/image\/","url":"https:\/\/www.ascomp.de\/blog\/wp-content\/uploads\/2024\/02\/cropped-blog_logo-1.png","contentUrl":"https:\/\/www.ascomp.de\/blog\/wp-content\/uploads\/2024\/02\/cropped-blog_logo-1.png","width":189,"height":50,"caption":"ASCOMP Blog | Der Software- & IT-Blog"},"image":{"@id":"https:\/\/www.ascomp.de\/blog\/#\/schema\/logo\/image\/"},"sameAs":["https:\/\/www.facebook.com\/ascompsoftware","https:\/\/www.linkedin.com\/company\/ascompsoftware\/about\/","https:\/\/www.pinterest.de\/ascompsoftware\/","https:\/\/www.youtube.com\/@ascompsoftware3611"]},{"@type":"Person","@id":"https:\/\/www.ascomp.de\/blog\/#\/schema\/person\/43eb9f2d41a2d15f168e81e2c8361125","name":"Andreas Str\u00f6bel","description":"Gesch\u00e4ftsf\u00fchrer und Chef-Entwickler bei der ASCOMP Software GmbH. Geboren im Oktober 1981 in Stuttgart, habe ich mich bereits in fr\u00fchen Jahren mit Computern besch\u00e4ftigt. Die ersten Programmiererfahrungen habe ich in QBasic gesammelt, damals war ich noch keine 14 Jahre alt. \u00dcber Visual Basic und C++ bin ich bei Delphi gelandet, welches ich auch heute noch als prim\u00e4re Programmiersprache f\u00fcr Windows-Anwendungsentwicklung nutze.","sameAs":["https:\/\/www.ascomp.de"],"url":"https:\/\/www.ascomp.de\/blog\/author\/blog\/"}]}},"_links":{"self":[{"href":"https:\/\/www.ascomp.de\/blog\/wp-json\/wp\/v2\/posts\/152","targetHints":{"allow":["GET"]}}],"collection":[{"href":"https:\/\/www.ascomp.de\/blog\/wp-json\/wp\/v2\/posts"}],"about":[{"href":"https:\/\/www.ascomp.de\/blog\/wp-json\/wp\/v2\/types\/post"}],"author":[{"embeddable":true,"href":"https:\/\/www.ascomp.de\/blog\/wp-json\/wp\/v2\/users\/1"}],"replies":[{"embeddable":true,"href":"https:\/\/www.ascomp.de\/blog\/wp-json\/wp\/v2\/comments?post=152"}],"version-history":[{"count":3,"href":"https:\/\/www.ascomp.de\/blog\/wp-json\/wp\/v2\/posts\/152\/revisions"}],"predecessor-version":[{"id":298,"href":"https:\/\/www.ascomp.de\/blog\/wp-json\/wp\/v2\/posts\/152\/revisions\/298"}],"wp:featuredmedia":[{"embeddable":true,"href":"https:\/\/www.ascomp.de\/blog\/wp-json\/wp\/v2\/media\/155"}],"wp:attachment":[{"href":"https:\/\/www.ascomp.de\/blog\/wp-json\/wp\/v2\/media?parent=152"}],"wp:term":[{"taxonomy":"category","embeddable":true,"href":"https:\/\/www.ascomp.de\/blog\/wp-json\/wp\/v2\/categories?post=152"},{"taxonomy":"post_tag","embeddable":true,"href":"https:\/\/www.ascomp.de\/blog\/wp-json\/wp\/v2\/tags?post=152"}],"curies":[{"name":"wp","href":"https:\/\/api.w.org\/{rel}","templated":true}]}}